{"id":1539,"date":"2024-12-20T15:54:18","date_gmt":"2024-12-20T15:54:18","guid":{"rendered":"https:\/\/www.cfaebi.pt\/portal\/?p=1539"},"modified":"2024-12-20T16:33:38","modified_gmt":"2024-12-20T16:33:38","slug":"acao-de-formacao-em-avaliacao-formativa-com-ferramentas-digitais-concluida-com-sucesso","status":"publish","type":"post","link":"https:\/\/www.cfaebi.pt\/portal\/2024\/12\/20\/acao-de-formacao-em-avaliacao-formativa-com-ferramentas-digitais-concluida-com-sucesso\/","title":{"rendered":"A\u00e7\u00e3o de forma\u00e7\u00e3o em avalia\u00e7\u00e3o formativa com ferramentas digitais conclu\u00edda com sucesso"},"content":{"rendered":"\n<p id=\"block-8ce4004a-e407-4d99-9633-9605f0e5cc87\">Terminou esta semana a a\u00e7\u00e3o de forma\u00e7\u00e3o \u201cPlataformas \u00a0digitais na avalia\u00e7\u00e3o formativa em contexto de sala de aula\u201d dinamizada pelo CFAEBI e no \u00e2mbito do PADDE (Plano de A\u00e7\u00e3o para o Digital das Escolas) do Agrupamento de Escolas Pedro \u00c1lvares Cabral, que se destacou pelo seu contributo para a dimens\u00e3o cient\u00edfico-pedag\u00f3gica, capacitando os docentes para inovar nas pr\u00e1ticas pedag\u00f3gicas, em especial na avalia\u00e7\u00e3o com recursos digitais.<\/p>\n\n\n\n<p id=\"block-7c9a57c5-a05a-4e03-a909-e0830a3e263b\">Ao longo de 25 horas, com o formador Paulo Santos, os participantes exploraram a utiliza\u00e7\u00e3o de ferramentas digitais na avalia\u00e7\u00e3o, criando instrumentos diversificados neste \u00e2mbito. Tamb\u00e9m foram discutidos temas como Realidade Virtual, Intelig\u00eancia Artificial e o papel do Laborat\u00f3rio de Educa\u00e7\u00e3o Digital (LED) na educa\u00e7\u00e3o, refor\u00e7ando a import\u00e2ncia da personaliza\u00e7\u00e3o da aprendizagem e do feedback imediato.<\/p>\n\n\n\n<p id=\"block-69fa3c7d-9081-43b1-9f8a-cdff2a3eb63e\">Combinando sess\u00f5es te\u00f3ricas e pr\u00e1ticas, a forma\u00e7\u00e3o permitiu a constru\u00e7\u00e3o de recursos educativos inovadores, promovendo pr\u00e1ticas mais eficazes e ajustadas \u00e0s necessidades dos alunos. Esta iniciativa reflete o compromisso com a digitaliza\u00e7\u00e3o, moderniza\u00e7\u00e3o e a qualidade no ensino.<\/p>\n\n\n\n<figure class=\"wp-block-gallery has-nested-images columns-default is-cropped wp-block-gallery-1 is-layout-flex wp-block-gallery-is-layout-flex\">\n<figure class=\"wp-block-image size-large\"><img loading=\"lazy\" decoding=\"async\" width=\"1024\" height=\"462\" data-id=\"1542\" src=\"https:\/\/www.cfaebi.pt\/portal\/wp-content\/uploads\/2024\/12\/img-20241130-151059-1024x462-1.jpg\" alt=\"\" class=\"wp-image-1542\" srcset=\"https:\/\/www.cfaebi.pt\/portal\/wp-content\/uploads\/2024\/12\/img-20241130-151059-1024x462-1.jpg 1024w, https:\/\/www.cfaebi.pt\/portal\/wp-content\/uploads\/2024\/12\/img-20241130-151059-1024x462-1-300x135.jpg 300w, https:\/\/www.cfaebi.pt\/portal\/wp-content\/uploads\/2024\/12\/img-20241130-151059-1024x462-1-768x347.jpg 768w\" sizes=\"auto, (max-width: 709px) 85vw, (max-width: 909px) 67vw, (max-width: 1362px) 62vw, 840px\" \/><\/figure>\n\n\n\n<figure class=\"wp-block-image size-large\"><img loading=\"lazy\" decoding=\"async\" width=\"1024\" height=\"462\" data-id=\"1544\" src=\"https:\/\/www.cfaebi.pt\/portal\/wp-content\/uploads\/2024\/12\/img-20241130-163332-1024x462-1-1.jpg\" alt=\"\" class=\"wp-image-1544\" srcset=\"https:\/\/www.cfaebi.pt\/portal\/wp-content\/uploads\/2024\/12\/img-20241130-163332-1024x462-1-1.jpg 1024w, https:\/\/www.cfaebi.pt\/portal\/wp-content\/uploads\/2024\/12\/img-20241130-163332-1024x462-1-1-300x135.jpg 300w, https:\/\/www.cfaebi.pt\/portal\/wp-content\/uploads\/2024\/12\/img-20241130-163332-1024x462-1-1-768x347.jpg 768w\" sizes=\"auto, (max-width: 709px) 85vw, (max-width: 909px) 67vw, (max-width: 1362px) 62vw, 840px\" \/><\/figure>\n\n\n\n<figure class=\"wp-block-image size-large\"><img loading=\"lazy\" decoding=\"async\" width=\"1024\" height=\"462\" data-id=\"1541\" src=\"https:\/\/www.cfaebi.pt\/portal\/wp-content\/uploads\/2024\/12\/img-20241130-163332-1024x462-2.jpg\" alt=\"\" class=\"wp-image-1541\" srcset=\"https:\/\/www.cfaebi.pt\/portal\/wp-content\/uploads\/2024\/12\/img-20241130-163332-1024x462-2.jpg 1024w, https:\/\/www.cfaebi.pt\/portal\/wp-content\/uploads\/2024\/12\/img-20241130-163332-1024x462-2-300x135.jpg 300w, https:\/\/www.cfaebi.pt\/portal\/wp-content\/uploads\/2024\/12\/img-20241130-163332-1024x462-2-768x347.jpg 768w\" sizes=\"auto, (max-width: 709px) 85vw, (max-width: 909px) 67vw, (max-width: 1362px) 62vw, 840px\" \/><\/figure>\n\n\n\n<figure class=\"wp-block-image size-large\"><img loading=\"lazy\" decoding=\"async\" width=\"1024\" height=\"462\" data-id=\"1543\" src=\"https:\/\/www.cfaebi.pt\/portal\/wp-content\/uploads\/2024\/12\/img-20241210-175714-1024x462-1.jpg\" alt=\"\" class=\"wp-image-1543\" srcset=\"https:\/\/www.cfaebi.pt\/portal\/wp-content\/uploads\/2024\/12\/img-20241210-175714-1024x462-1.jpg 1024w, https:\/\/www.cfaebi.pt\/portal\/wp-content\/uploads\/2024\/12\/img-20241210-175714-1024x462-1-300x135.jpg 300w, https:\/\/www.cfaebi.pt\/portal\/wp-content\/uploads\/2024\/12\/img-20241210-175714-1024x462-1-768x347.jpg 768w\" sizes=\"auto, (max-width: 709px) 85vw, (max-width: 909px) 67vw, (max-width: 1362px) 62vw, 840px\" \/><\/figure>\n<\/figure>\n","protected":false},"excerpt":{"rendered":"<p>Terminou esta semana a a\u00e7\u00e3o de forma\u00e7\u00e3o \u201cPlataformas \u00a0digitais na avalia\u00e7\u00e3o formativa em contexto de sala de aula\u201d dinamizada pelo CFAEBI e no \u00e2mbito do PADDE (Plano de A\u00e7\u00e3o para o Digital das Escolas) do Agrupamento de Escolas Pedro \u00c1lvares Cabral, que se destacou pelo seu contributo para a dimens\u00e3o cient\u00edfico-pedag\u00f3gica, capacitando os docentes para &hellip; <a href=\"https:\/\/www.cfaebi.pt\/portal\/2024\/12\/20\/acao-de-formacao-em-avaliacao-formativa-com-ferramentas-digitais-concluida-com-sucesso\/\" class=\"more-link\">Continue reading<span class=\"screen-reader-text\"> &#8220;A\u00e7\u00e3o de forma\u00e7\u00e3o em avalia\u00e7\u00e3o formativa com ferramentas digitais conclu\u00edda com sucesso&#8221;<\/span><\/a><\/p>\n","protected":false},"author":1,"featured_media":1540,"comment_status":"closed","ping_status":"closed","sticky":false,"template":"","format":"standard","meta":{"footnotes":""},"categories":[1],"tags":[],"class_list":["post-1539","post","type-post","status-publish","format-standard","has-post-thumbnail","hentry","category-noticias"],"_links":{"self":[{"href":"https:\/\/www.cfaebi.pt\/portal\/wp-json\/wp\/v2\/posts\/1539","targetHints":{"allow":["GET"]}}],"collection":[{"href":"https:\/\/www.cfaebi.pt\/portal\/wp-json\/wp\/v2\/posts"}],"about":[{"href":"https:\/\/www.cfaebi.pt\/portal\/wp-json\/wp\/v2\/types\/post"}],"author":[{"embeddable":true,"href":"https:\/\/www.cfaebi.pt\/portal\/wp-json\/wp\/v2\/users\/1"}],"replies":[{"embeddable":true,"href":"https:\/\/www.cfaebi.pt\/portal\/wp-json\/wp\/v2\/comments?post=1539"}],"version-history":[{"count":2,"href":"https:\/\/www.cfaebi.pt\/portal\/wp-json\/wp\/v2\/posts\/1539\/revisions"}],"predecessor-version":[{"id":1546,"href":"https:\/\/www.cfaebi.pt\/portal\/wp-json\/wp\/v2\/posts\/1539\/revisions\/1546"}],"wp:featuredmedia":[{"embeddable":true,"href":"https:\/\/www.cfaebi.pt\/portal\/wp-json\/wp\/v2\/media\/1540"}],"wp:attachment":[{"href":"https:\/\/www.cfaebi.pt\/portal\/wp-json\/wp\/v2\/media?parent=1539"}],"wp:term":[{"taxonomy":"category","embeddable":true,"href":"https:\/\/www.cfaebi.pt\/portal\/wp-json\/wp\/v2\/categories?post=1539"},{"taxonomy":"post_tag","embeddable":true,"href":"https:\/\/www.cfaebi.pt\/portal\/wp-json\/wp\/v2\/tags?post=1539"}],"curies":[{"name":"wp","href":"https:\/\/api.w.org\/{rel}","templated":true}]}}