{"id":1554,"date":"2025-01-07T15:19:09","date_gmt":"2025-01-07T15:19:09","guid":{"rendered":"https:\/\/www.cfaebi.pt\/portal\/?p=1554"},"modified":"2025-01-07T15:25:38","modified_gmt":"2025-01-07T15:25:38","slug":"workshop-projeto-piloto-dos-manuais-escolares-ambientes-de-aprendizagem-inovadores","status":"publish","type":"post","link":"https:\/\/www.cfaebi.pt\/portal\/2025\/01\/07\/workshop-projeto-piloto-dos-manuais-escolares-ambientes-de-aprendizagem-inovadores\/","title":{"rendered":"Workshop &#8211; Projeto Piloto dos Manuais Escolares &#8220;Ambientes de Aprendizagem Inovadores&#8221;"},"content":{"rendered":"\n<p>Participe no Workshop 2 &#8211; &#8220;Ambientes de aprendizagem inovadores\u201d e assista \u00e0 partilha de experi\u00eancias dos Agrupamentos de Escolas Dr. Francisco Sanches e Dr. Manuel Laranjeira.<\/p>\n\n\n\n<p>A primeira sess\u00e3o decorre j\u00e1 no pr\u00f3ximo dia <strong>8 de janeiro, das 17h30 \u00e0s 19h30, Online<\/strong>.<\/p>\n\n\n\n<p>Conhe\u00e7a o que de melhor se faz nas nossas escolas com recurso aos LED!<\/p>\n\n\n\n<p>Informa\u00e7\u00f5es e inscri\u00e7\u00f5es em&nbsp;<a href=\"https:\/\/erte.dge.mec.pt\/noticias\/acoes-de-curta-duracao-no-ambito-do-projeto-piloto-manuais-digitais-0?fbclid=IwZXh0bgNhZW0CMTAAAR2b7SSAMKg2ZD9oHcgm_ERMHnOC25rnhE3Xc4WrU_rfHCOKViPNkR-tz8M_aem_VI1Adzgi9udpP9tAHbFTmw\" rel=\"noreferrer noopener\" target=\"_blank\">https:\/\/erte.dge.mec.pt\/&#8230;\/acoes-de-curta-duracao-no&#8230;<\/a><\/p>\n\n\n\n<p><\/p>\n\n\n\n<figure class=\"wp-block-image size-large\"><img loading=\"lazy\" decoding=\"async\" width=\"724\" height=\"1024\" src=\"https:\/\/www.cfaebi.pt\/portal\/wp-content\/uploads\/2025\/01\/472670992_998988378919102_4704486540907411410_n-724x1024.jpg\" alt=\"\" class=\"wp-image-1555\" srcset=\"https:\/\/www.cfaebi.pt\/portal\/wp-content\/uploads\/2025\/01\/472670992_998988378919102_4704486540907411410_n-724x1024.jpg 724w, https:\/\/www.cfaebi.pt\/portal\/wp-content\/uploads\/2025\/01\/472670992_998988378919102_4704486540907411410_n-212x300.jpg 212w, https:\/\/www.cfaebi.pt\/portal\/wp-content\/uploads\/2025\/01\/472670992_998988378919102_4704486540907411410_n-768x1086.jpg 768w, https:\/\/www.cfaebi.pt\/portal\/wp-content\/uploads\/2025\/01\/472670992_998988378919102_4704486540907411410_n-1086x1536.jpg 1086w, https:\/\/www.cfaebi.pt\/portal\/wp-content\/uploads\/2025\/01\/472670992_998988378919102_4704486540907411410_n-1200x1697.jpg 1200w, https:\/\/www.cfaebi.pt\/portal\/wp-content\/uploads\/2025\/01\/472670992_998988378919102_4704486540907411410_n.jpg 1414w\" sizes=\"auto, (max-width: 709px) 85vw, (max-width: 909px) 67vw, (max-width: 984px) 61vw, (max-width: 1362px) 45vw, 600px\" \/><\/figure>\n","protected":false},"excerpt":{"rendered":"<p>Participe no Workshop 2 &#8211; &#8220;Ambientes de aprendizagem inovadores\u201d e assista \u00e0 partilha de experi\u00eancias dos Agrupamentos de Escolas Dr. Francisco Sanches e Dr. Manuel Laranjeira. A primeira sess\u00e3o decorre j\u00e1 no pr\u00f3ximo dia 8 de janeiro, das 17h30 \u00e0s 19h30, Online. Conhe\u00e7a o que de melhor se faz nas nossas escolas com recurso aos &hellip; <a href=\"https:\/\/www.cfaebi.pt\/portal\/2025\/01\/07\/workshop-projeto-piloto-dos-manuais-escolares-ambientes-de-aprendizagem-inovadores\/\" class=\"more-link\">Continue reading<span class=\"screen-reader-text\"> &#8220;Workshop &#8211; Projeto Piloto dos Manuais Escolares &#8220;Ambientes de Aprendizagem Inovadores&#8221;&#8221;<\/span><\/a><\/p>\n","protected":false},"author":1,"featured_media":1555,"comment_status":"closed","ping_status":"closed","sticky":false,"template":"","format":"standard","meta":{"footnotes":""},"categories":[1],"tags":[],"class_list":["post-1554","post","type-post","status-publish","format-standard","has-post-thumbnail","hentry","category-noticias"],"_links":{"self":[{"href":"https:\/\/www.cfaebi.pt\/portal\/wp-json\/wp\/v2\/posts\/1554","targetHints":{"allow":["GET"]}}],"collection":[{"href":"https:\/\/www.cfaebi.pt\/portal\/wp-json\/wp\/v2\/posts"}],"about":[{"href":"https:\/\/www.cfaebi.pt\/portal\/wp-json\/wp\/v2\/types\/post"}],"author":[{"embeddable":true,"href":"https:\/\/www.cfaebi.pt\/portal\/wp-json\/wp\/v2\/users\/1"}],"replies":[{"embeddable":true,"href":"https:\/\/www.cfaebi.pt\/portal\/wp-json\/wp\/v2\/comments?post=1554"}],"version-history":[{"count":3,"href":"https:\/\/www.cfaebi.pt\/portal\/wp-json\/wp\/v2\/posts\/1554\/revisions"}],"predecessor-version":[{"id":1558,"href":"https:\/\/www.cfaebi.pt\/portal\/wp-json\/wp\/v2\/posts\/1554\/revisions\/1558"}],"wp:featuredmedia":[{"embeddable":true,"href":"https:\/\/www.cfaebi.pt\/portal\/wp-json\/wp\/v2\/media\/1555"}],"wp:attachment":[{"href":"https:\/\/www.cfaebi.pt\/portal\/wp-json\/wp\/v2\/media?parent=1554"}],"wp:term":[{"taxonomy":"category","embeddable":true,"href":"https:\/\/www.cfaebi.pt\/portal\/wp-json\/wp\/v2\/categories?post=1554"},{"taxonomy":"post_tag","embeddable":true,"href":"https:\/\/www.cfaebi.pt\/portal\/wp-json\/wp\/v2\/tags?post=1554"}],"curies":[{"name":"wp","href":"https:\/\/api.w.org\/{rel}","templated":true}]}}