{"id":1572,"date":"2025-01-30T19:01:16","date_gmt":"2025-01-30T19:01:16","guid":{"rendered":"https:\/\/www.cfaebi.pt\/portal\/?p=1572"},"modified":"2025-01-30T19:05:08","modified_gmt":"2025-01-30T19:05:08","slug":"cfae-da-beira-interior-presente-no-seminario-aprender-mais-agora","status":"publish","type":"post","link":"https:\/\/www.cfaebi.pt\/portal\/2025\/01\/30\/cfae-da-beira-interior-presente-no-seminario-aprender-mais-agora\/","title":{"rendered":"CFAE da Beira Interior presente no Semin\u00e1rio &#8220;Aprender Mais Agora&#8221;"},"content":{"rendered":"\n<p>Decorreu no dia 29 de janeiro, o\u00a0<strong>Semin\u00e1rio \u201cAprender\u00a0Mais\u00a0Agora<\/strong>\u201d, no\u00a0<strong>Convento de S\u00e3o Francisco<\/strong>, em\u00a0<strong>Coimbra<\/strong>. Este evento contou com a presen\u00e7a do Senhor Secret\u00e1rio de Estado Adjunto e da Educa\u00e7\u00e3o, Alexandre Homem Cristo.<\/p>\n\n\n\n<p>Este semin\u00e1rio, enquadrado pela aprova\u00e7\u00e3o da Resolu\u00e7\u00e3o do Conselho de Ministros n.\u00ba 140\/2024, de 17 de outubro, que instituiu o Plano \u00abAprender\u00a0Mais\u00a0Agora\u00bb, ser\u00e1 dedicado \u00e0 reflex\u00e3o e an\u00e1lise dos seguintes eixos priorit\u00e1rios, <strong>Melhorar a Aprendizagem<\/strong> e a <strong>Integra\u00e7\u00e3o e Sucesso de Alunos Migrantes<\/strong>.<\/p>\n\n\n\n<p>Destinado a diretores de escolas e agrupamentos, diretores de centros de forma\u00e7\u00e3o, representantes da Autonomia e Flexibilidade Curricular (AFC), embaixadores digitais dos CFAE e equipas regionais do MECI, e contou com a presen\u00e7a de cerca de 800 participantes.<\/p>\n\n\n\n<figure class=\"wp-block-gallery has-nested-images columns-default is-cropped wp-block-gallery-1 is-layout-flex wp-block-gallery-is-layout-flex\">\n<figure class=\"wp-block-image size-large\"><img loading=\"lazy\" decoding=\"async\" width=\"576\" height=\"1024\" data-id=\"1575\" src=\"https:\/\/www.cfaebi.pt\/portal\/wp-content\/uploads\/2025\/01\/IMG_3609-576x1024.png\" alt=\"\" class=\"wp-image-1575\" srcset=\"https:\/\/www.cfaebi.pt\/portal\/wp-content\/uploads\/2025\/01\/IMG_3609-576x1024.png 576w, https:\/\/www.cfaebi.pt\/portal\/wp-content\/uploads\/2025\/01\/IMG_3609-169x300.png 169w, https:\/\/www.cfaebi.pt\/portal\/wp-content\/uploads\/2025\/01\/IMG_3609-768x1365.png 768w, https:\/\/www.cfaebi.pt\/portal\/wp-content\/uploads\/2025\/01\/IMG_3609-864x1536.png 864w, https:\/\/www.cfaebi.pt\/portal\/wp-content\/uploads\/2025\/01\/IMG_3609-1152x2048.png 1152w, https:\/\/www.cfaebi.pt\/portal\/wp-content\/uploads\/2025\/01\/IMG_3609-1200x2133.png 1200w\" sizes=\"auto, (max-width: 576px) 85vw, 576px\" \/><\/figure>\n\n\n\n<figure class=\"wp-block-image size-large\"><img loading=\"lazy\" decoding=\"async\" width=\"576\" height=\"1024\" data-id=\"1576\" src=\"https:\/\/www.cfaebi.pt\/portal\/wp-content\/uploads\/2025\/01\/IMG_3610-576x1024.png\" alt=\"\" class=\"wp-image-1576\" srcset=\"https:\/\/www.cfaebi.pt\/portal\/wp-content\/uploads\/2025\/01\/IMG_3610-576x1024.png 576w, https:\/\/www.cfaebi.pt\/portal\/wp-content\/uploads\/2025\/01\/IMG_3610-169x300.png 169w, https:\/\/www.cfaebi.pt\/portal\/wp-content\/uploads\/2025\/01\/IMG_3610-768x1365.png 768w, https:\/\/www.cfaebi.pt\/portal\/wp-content\/uploads\/2025\/01\/IMG_3610-864x1536.png 864w, https:\/\/www.cfaebi.pt\/portal\/wp-content\/uploads\/2025\/01\/IMG_3610-1152x2048.png 1152w, https:\/\/www.cfaebi.pt\/portal\/wp-content\/uploads\/2025\/01\/IMG_3610-1200x2133.png 1200w\" sizes=\"auto, (max-width: 576px) 85vw, 576px\" \/><\/figure>\n<\/figure>\n","protected":false},"excerpt":{"rendered":"<p>Decorreu no dia 29 de janeiro, o\u00a0Semin\u00e1rio \u201cAprender\u00a0Mais\u00a0Agora\u201d, no\u00a0Convento de S\u00e3o Francisco, em\u00a0Coimbra. Este evento contou com a presen\u00e7a do Senhor Secret\u00e1rio de Estado Adjunto e da Educa\u00e7\u00e3o, Alexandre Homem Cristo. Este semin\u00e1rio, enquadrado pela aprova\u00e7\u00e3o da Resolu\u00e7\u00e3o do Conselho de Ministros n.\u00ba 140\/2024, de 17 de outubro, que instituiu o Plano \u00abAprender\u00a0Mais\u00a0Agora\u00bb, ser\u00e1 dedicado &hellip; <a href=\"https:\/\/www.cfaebi.pt\/portal\/2025\/01\/30\/cfae-da-beira-interior-presente-no-seminario-aprender-mais-agora\/\" class=\"more-link\">Continue reading<span class=\"screen-reader-text\"> &#8220;CFAE da Beira Interior presente no Semin\u00e1rio &#8220;Aprender Mais Agora&#8221;&#8221;<\/span><\/a><\/p>\n","protected":false},"author":1,"featured_media":1574,"comment_status":"closed","ping_status":"closed","sticky":false,"template":"","format":"standard","meta":{"footnotes":""},"categories":[1],"tags":[],"class_list":["post-1572","post","type-post","status-publish","format-standard","has-post-thumbnail","hentry","category-noticias"],"_links":{"self":[{"href":"https:\/\/www.cfaebi.pt\/portal\/wp-json\/wp\/v2\/posts\/1572","targetHints":{"allow":["GET"]}}],"collection":[{"href":"https:\/\/www.cfaebi.pt\/portal\/wp-json\/wp\/v2\/posts"}],"about":[{"href":"https:\/\/www.cfaebi.pt\/portal\/wp-json\/wp\/v2\/types\/post"}],"author":[{"embeddable":true,"href":"https:\/\/www.cfaebi.pt\/portal\/wp-json\/wp\/v2\/users\/1"}],"replies":[{"embeddable":true,"href":"https:\/\/www.cfaebi.pt\/portal\/wp-json\/wp\/v2\/comments?post=1572"}],"version-history":[{"count":2,"href":"https:\/\/www.cfaebi.pt\/portal\/wp-json\/wp\/v2\/posts\/1572\/revisions"}],"predecessor-version":[{"id":1578,"href":"https:\/\/www.cfaebi.pt\/portal\/wp-json\/wp\/v2\/posts\/1572\/revisions\/1578"}],"wp:featuredmedia":[{"embeddable":true,"href":"https:\/\/www.cfaebi.pt\/portal\/wp-json\/wp\/v2\/media\/1574"}],"wp:attachment":[{"href":"https:\/\/www.cfaebi.pt\/portal\/wp-json\/wp\/v2\/media?parent=1572"}],"wp:term":[{"taxonomy":"category","embeddable":true,"href":"https:\/\/www.cfaebi.pt\/portal\/wp-json\/wp\/v2\/categories?post=1572"},{"taxonomy":"post_tag","embeddable":true,"href":"https:\/\/www.cfaebi.pt\/portal\/wp-json\/wp\/v2\/tags?post=1572"}],"curies":[{"name":"wp","href":"https:\/\/api.w.org\/{rel}","templated":true}]}}