{"id":1591,"date":"2025-02-18T12:45:23","date_gmt":"2025-02-18T12:45:23","guid":{"rendered":"https:\/\/www.cfaebi.pt\/portal\/?p=1591"},"modified":"2025-02-18T12:46:18","modified_gmt":"2025-02-18T12:46:18","slug":"seminario-dge-aprender-mais-agora-2025","status":"publish","type":"post","link":"https:\/\/www.cfaebi.pt\/portal\/2025\/02\/18\/seminario-dge-aprender-mais-agora-2025\/","title":{"rendered":"Semin\u00e1rio DGE \u201cAprender Mais Agora\u201d &#8211; 2025"},"content":{"rendered":"\n<p>No dia 29 de janeiro de 2025, decorreu, no Convento S. Francisco, em&nbsp;<strong>Coimbra<\/strong>, o semin\u00e1rio \u201cAprender Mais Agora\u201d, destinado a diretores de Agrupamentos de Escolas e Escolas n\u00e3o Agrupadas, diretores de Centros de Forma\u00e7\u00e3o das Associa\u00e7\u00f5es de Escolas, Equipas Regionais, Equipa TEIP, especialistas na \u00e1rea da Educa\u00e7\u00e3o, bem como representantes dos v\u00e1rios organismos do Minist\u00e9rio da Educa\u00e7\u00e3o, Ci\u00eancia e Inova\u00e7\u00e3o.<\/p>\n\n\n\n<p>O semin\u00e1rio, enquadrado pela Resolu\u00e7\u00e3o do Conselho de Ministros (RCM) n.\u00ba 140\/2024, de 17 de outubro, que aprova o Plano de Recupera\u00e7\u00e3o e Melhoria da Aprendizagem \u00abAprender Mais Agora\u00bb, promoveu a reflex\u00e3o e discuss\u00e3o dos eixos:&nbsp;<strong>Melhorar a Aprendizagem<\/strong>&nbsp;e&nbsp;<strong>Integra\u00e7\u00e3o e Sucesso de Alunos Migrantes<\/strong>, tendo sido apresentadas medidas em implementa\u00e7\u00e3o, abordando temas como:&nbsp;<strong>Integra\u00e7\u00e3o e sucesso de alunos migrantes<\/strong>,&nbsp;<strong>Tutorias psicopedag\u00f3gicas<\/strong>,&nbsp;<strong>Bem-Estar digital na educa\u00e7\u00e3o<\/strong>&nbsp;e&nbsp;<strong>Estudo aut\u00f3nomo<\/strong>.<\/p>\n\n\n\n<p>A sess\u00e3o de abertura contou com a presen\u00e7a do Senhor Secret\u00e1rio de Estado Adjunto e da Educa\u00e7\u00e3o, Alexandre Homem Cristo, tendo estado presentes cerca de 800 participantes.<\/p>\n\n\n\n<p><strong>Programa&nbsp;<\/strong>|&nbsp;<strong>Apresenta\u00e7\u00e3o dos pain\u00e9is<\/strong><\/p>\n\n\n\n<p><strong>10:00<\/strong>&nbsp;|&nbsp;<strong>Sess\u00e3o de Abertura<\/strong><br>&nbsp; &nbsp; &nbsp; &nbsp; &nbsp; &nbsp;Alexandre Homem Cristo, Secret\u00e1rio de Estado Adjunto e da Educa\u00e7\u00e3o<br>&nbsp; &nbsp; &nbsp; &nbsp; &nbsp; &nbsp;<a href=\"https:\/\/youtu.be\/RFuuWx_Omcs\" target=\"_blank\" rel=\"noreferrer noopener\">https:\/\/youtu.be\/RFuuWx_Omcs<\/a><br>&nbsp; &nbsp; &nbsp; &nbsp; &nbsp; &nbsp;Aprender Mais Agora &#8211; Recuperar e Melhorar a Aprendizagem [<a href=\"https:\/\/www.dge.mec.pt\/sites\/default\/files\/Curriculo\/Conferencias\/aprender_mais_agora_-_recuperar_e_melhorar_a_aprendizagem.pdf\" target=\"_blank\" rel=\"noreferrer noopener\">PDF<\/a>]<\/p>\n\n\n\n<p><strong>10:20<\/strong>&nbsp;|&nbsp;<strong>Estudo Aut\u00f3nomo<\/strong><br>&nbsp; &nbsp; &nbsp; &nbsp; &nbsp; &nbsp;<strong>Espa\u00e7o&nbsp;<em>online&nbsp;<\/em>para Pr\u00e1ticas de Estudo Aut\u00f3nomo<\/strong><br>&nbsp; &nbsp; &nbsp; &nbsp; &nbsp; &nbsp;Cl\u00e1udia Torres, Coordenadora do Projeto \u201cEstudo Aut\u00f3nomo\u201d<br>&nbsp; &nbsp; &nbsp; &nbsp; &nbsp; &nbsp;<a href=\"https:\/\/youtu.be\/9XTpZK84gRk\" target=\"_blank\" rel=\"noreferrer noopener\">https:\/\/youtu.be\/9XTpZK84gRk<\/a><br>&nbsp; &nbsp; &nbsp; &nbsp; &nbsp; &nbsp;Pr\u00e1ticas de Estudo Aut\u00f3nomo [<a href=\"https:\/\/www.dge.mec.pt\/sites\/default\/files\/Curriculo\/Conferencias\/praticas_de_estudo_autonomo.pdf\" target=\"_blank\" rel=\"noreferrer noopener\">PDF<\/a>]<\/p>\n\n\n\n<p>&nbsp; &nbsp; &nbsp; &nbsp; &nbsp; &nbsp;<strong>Pr\u00e1ticas de Estudo Aut\u00f3nomo na Escola<\/strong><br>&nbsp; &nbsp; &nbsp; &nbsp; &nbsp; &nbsp;Cl\u00e1udia Torres (moderadora)<br>&nbsp; &nbsp; &nbsp; &nbsp; &nbsp; &nbsp;Jos\u00e9 Sousa, Diretor no AE D. Dinis, Lisboa&nbsp;<br>&nbsp; &nbsp; &nbsp; &nbsp; &nbsp; &nbsp;Paula Ferreira, professora no AE D. Dinis, Lisboa<br>&nbsp; &nbsp; &nbsp; &nbsp; &nbsp; &nbsp;<a href=\"https:\/\/youtu.be\/qxKZM8XkExo\" target=\"_blank\" rel=\"noreferrer noopener\">https:\/\/youtu.be\/qxKZM8XkExo<\/a><\/p>\n\n\n\n<p><strong>11:30<\/strong>&nbsp;|&nbsp;<strong>Integra\u00e7\u00e3o e sucesso de alunos migrantes<\/strong><br>&nbsp; &nbsp; &nbsp; &nbsp; &nbsp; &nbsp;<strong>PLNM: Revis\u00e3o e atualiza\u00e7\u00e3o de medidas e instrumentos<\/strong><br>&nbsp; &nbsp; &nbsp; &nbsp; &nbsp; &nbsp;Eul\u00e1lia Alexandre, Subdiretora-Geral da Educa\u00e7\u00e3o<br>&nbsp; &nbsp; &nbsp; &nbsp; &nbsp; &nbsp;<a href=\"https:\/\/youtu.be\/W3oQfqseLwM\" target=\"_blank\" rel=\"noreferrer noopener\">https:\/\/youtu.be\/W3oQfqseLwM<\/a><br>&nbsp; &nbsp; &nbsp; &nbsp; &nbsp; &nbsp;PLNM: Revis\u00e3o e atualiza\u00e7\u00e3o de medidas e instrumentos [<a href=\"https:\/\/www.dge.mec.pt\/sites\/default\/files\/Curriculo\/Conferencias\/plnm_-_revisao_e_atualizacao_de_medidas_e_instrumentos.pdf\" target=\"_blank\" rel=\"noreferrer noopener\">PDF<\/a>]<\/p>\n\n\n\n<p>&nbsp; &nbsp; &nbsp; &nbsp; &nbsp; &nbsp;<strong>Acolhimento de alunos migrantes: experi\u00eancias e desafios<\/strong><br>&nbsp; &nbsp; &nbsp; &nbsp; &nbsp; &nbsp;Eul\u00e1lia Alexandre (moderadora)<br>&nbsp; &nbsp; &nbsp; &nbsp; &nbsp; &nbsp;Fausto Caels, professor na ESECS\/Polit\u00e9cnico de Leiria<br>&nbsp; &nbsp; &nbsp; &nbsp; &nbsp; &nbsp;e CELGA-ILTEC\/Universidade de Coimbra<br>&nbsp; &nbsp; &nbsp; &nbsp; &nbsp; &nbsp;Susete Albino, professora no AE de Carcavelos e CHAM-NOVA FCSH<br>&nbsp; &nbsp; &nbsp; &nbsp; &nbsp; &nbsp;Joaquim Segura, professor no AE Nuno Gon\u00e7alves<br>&nbsp; &nbsp; &nbsp; &nbsp; &nbsp; &nbsp;Marta Loureiro, Diretora no AE de Carcavelos<br>&nbsp; &nbsp; &nbsp; &nbsp; &nbsp; &nbsp;<a href=\"https:\/\/youtu.be\/w2Bj47X5V_Y\" target=\"_blank\" rel=\"noreferrer noopener\">https:\/\/youtu.be\/w2Bj47X5V_Y<\/a><\/p>\n\n\n\n<p><strong>14:30<\/strong>&nbsp;|&nbsp;<strong>Tutorias psicopedag\u00f3gicas<\/strong><br>&nbsp; &nbsp; &nbsp; &nbsp; &nbsp; &nbsp;Sofia Mendes, Presidente do Conselho de Especialidade de Psicologia<br>&nbsp; &nbsp; &nbsp; &nbsp; &nbsp; &nbsp;da Educa\u00e7\u00e3o, da Ordem dos Psic\u00f3logos Portugueses<br>&nbsp; &nbsp; &nbsp; &nbsp; &nbsp; &nbsp;<a href=\"https:\/\/youtu.be\/iCgB_p3BB3Y\" target=\"_blank\" rel=\"noreferrer noopener\">https:\/\/youtu.be\/iCgB_p3BB3Y<\/a><br>&nbsp; &nbsp; &nbsp; &nbsp; &nbsp; &nbsp;Tutorias Psicopedag\u00f3gicas&nbsp;[<a href=\"https:\/\/www.dge.mec.pt\/sites\/default\/files\/Curriculo\/Conferencias\/tutorias_psicopedagogicas.pdf\" target=\"_blank\" rel=\"noreferrer noopener\">PDF<\/a>]<\/p>\n\n\n\n<p>&nbsp; &nbsp; &nbsp; &nbsp; &nbsp; &nbsp;<strong>Tutorias psicopedag\u00f3gicas: implementa\u00e7\u00e3o<\/strong><br>&nbsp; &nbsp; &nbsp; &nbsp; &nbsp; &nbsp;Sofia Mendes (moderadora)<br>&nbsp; &nbsp; &nbsp; &nbsp; &nbsp; &nbsp;Tatiana Fernandes, psic\u00f3loga no AE de Cister&nbsp;<br>&nbsp; &nbsp; &nbsp; &nbsp; &nbsp; &nbsp;Daniel Gomes, aluno no AE de Cister<br>&nbsp; &nbsp; &nbsp; &nbsp; &nbsp; &nbsp;Elisabete Marques, psic\u00f3loga no Col\u00e9gio de Nossa Senhora do Ros\u00e1rio<br>&nbsp; &nbsp; &nbsp; &nbsp; &nbsp; &nbsp;Teresa Oliveira, professora no Col\u00e9gio de Nossa Senhora do Ros\u00e1rio&nbsp;<br>&nbsp; &nbsp; &nbsp; &nbsp; &nbsp; &nbsp;Ana Paula Monteiro, psic\u00f3loga no AE Arque\u00f3logo M\u00e1rio Cardoso<br>&nbsp; &nbsp; &nbsp; &nbsp; &nbsp; &nbsp;Jo\u00e3o Pedro Leal, aluno no AE Arque\u00f3logo M\u00e1rio Cardoso<br>&nbsp; &nbsp; &nbsp; &nbsp; &nbsp; &nbsp;<a href=\"https:\/\/youtu.be\/L8kfZ9tYSgo\" target=\"_blank\" rel=\"noreferrer noopener\">https:\/\/youtu.be\/L8kfZ9tYSgo<\/a><\/p>\n\n\n\n<p><strong>15:30<\/strong>&nbsp;|&nbsp;<strong>Bem-Estar Digital na Educa\u00e7\u00e3o<\/strong><br>&nbsp; &nbsp; &nbsp; &nbsp; &nbsp; &nbsp;<strong>Recomenda\u00e7\u00f5es sobre Bem-Estar Digital nos contextos escolar e familiar<\/strong><br>&nbsp; &nbsp; &nbsp; &nbsp; &nbsp; &nbsp;Maria Jo\u00e3o Horta, Subdiretora-Geral da Educa\u00e7\u00e3o<br>&nbsp; &nbsp; &nbsp; &nbsp; &nbsp; &nbsp;<a href=\"https:\/\/youtu.be\/NWd1K9HGaLA\" target=\"_blank\" rel=\"noreferrer noopener\">https:\/\/youtu.be\/NWd1K9HGaLA<\/a><br>&nbsp; &nbsp; &nbsp; &nbsp; &nbsp; &nbsp;Bem-Estar Digital na Educa\u00e7\u00e3o&nbsp;[<a href=\"https:\/\/www.dge.mec.pt\/sites\/default\/files\/Curriculo\/Conferencias\/bem-estar_digital_na_educacao.pdf\" target=\"_blank\" rel=\"noreferrer noopener\">PDF<\/a>]<\/p>\n\n\n\n<p>&nbsp; &nbsp; &nbsp; &nbsp; &nbsp; &nbsp;<strong>Bem-Estar Digital<\/strong><br>&nbsp; &nbsp; &nbsp; &nbsp; &nbsp; &nbsp;Maria Jo\u00e3o Horta (moderadora)<br>&nbsp; &nbsp; &nbsp; &nbsp; &nbsp; &nbsp;Cosmin Nada, Coordenador das \u201cRecomenda\u00e7\u00f5es para o Bem-Estar Digital\u201d,<br>&nbsp; &nbsp; &nbsp; &nbsp; &nbsp; &nbsp;ISCTE&nbsp;<br>&nbsp; &nbsp; &nbsp; &nbsp; &nbsp; &nbsp;Hugo Martinho, Diretor no AE de Vagos&nbsp;<br>&nbsp; &nbsp; &nbsp; &nbsp; &nbsp; &nbsp;M\u00f3nica Almeida Diretora no AE Ant\u00f3nio Alves Amorim, Lourosa<br>&nbsp; &nbsp; &nbsp; &nbsp; &nbsp; &nbsp;Lu\u00eds Almeida (aluno L\u00edder digital) no AE de Vagos&nbsp;<br>&nbsp; &nbsp; &nbsp; &nbsp; &nbsp; &nbsp;<a href=\"https:\/\/youtu.be\/ESwfCgKKGYs\" target=\"_blank\" rel=\"noreferrer noopener\">https:\/\/youtu.be\/L8kfZ9tYSgo<\/a><\/p>\n\n\n\n<p><strong>16:30<\/strong>&nbsp;|&nbsp;<strong>Sess\u00e3o de Encerramento<\/strong><br>&nbsp; &nbsp; &nbsp; &nbsp; &nbsp; &nbsp;David Sousa, Diretor-Geral da Educa\u00e7\u00e3o<br>&nbsp; &nbsp; &nbsp; &nbsp; &nbsp; &nbsp;<a href=\"https:\/\/youtu.be\/KdGqssGsYUM\" target=\"_blank\" rel=\"noreferrer noopener\">https:\/\/youtu.be\/NWd1K9HGaLA<\/a><br>&nbsp; &nbsp; &nbsp; &nbsp; &nbsp; &nbsp;A+A: Desafios e Supera\u00e7\u00e3o&nbsp;[<a href=\"https:\/\/www.dge.mec.pt\/sites\/default\/files\/Curriculo\/Conferencias\/aa_-_desafios_e_superacao.pdf\" target=\"_blank\" rel=\"noreferrer noopener\">PDF<\/a>]<\/p>\n\n\n\n<p><\/p>\n\n\n\n<p>Fonte: <a href=\"https:\/\/www.dge.mec.pt\/seminario-dge-aprender-mais-agora-2025\">https:\/\/www.dge.mec.pt\/seminario-dge-aprender-mais-agora-2025<\/a><\/p>\n","protected":false},"excerpt":{"rendered":"<p>No dia 29 de janeiro de 2025, decorreu, no Convento S. Francisco, em&nbsp;Coimbra, o semin\u00e1rio \u201cAprender Mais Agora\u201d, destinado a diretores de Agrupamentos de Escolas e Escolas n\u00e3o Agrupadas, diretores de Centros de Forma\u00e7\u00e3o das Associa\u00e7\u00f5es de Escolas, Equipas Regionais, Equipa TEIP, especialistas na \u00e1rea da Educa\u00e7\u00e3o, bem como representantes dos v\u00e1rios organismos do Minist\u00e9rio &hellip; <a href=\"https:\/\/www.cfaebi.pt\/portal\/2025\/02\/18\/seminario-dge-aprender-mais-agora-2025\/\" class=\"more-link\">Continue reading<span class=\"screen-reader-text\"> &#8220;Semin\u00e1rio DGE \u201cAprender Mais Agora\u201d &#8211; 2025&#8221;<\/span><\/a><\/p>\n","protected":false},"author":1,"featured_media":1592,"comment_status":"closed","ping_status":"closed","sticky":false,"template":"","format":"standard","meta":{"footnotes":""},"categories":[1],"tags":[],"class_list":["post-1591","post","type-post","status-publish","format-standard","has-post-thumbnail","hentry","category-noticias"],"_links":{"self":[{"href":"https:\/\/www.cfaebi.pt\/portal\/wp-json\/wp\/v2\/posts\/1591","targetHints":{"allow":["GET"]}}],"collection":[{"href":"https:\/\/www.cfaebi.pt\/portal\/wp-json\/wp\/v2\/posts"}],"about":[{"href":"https:\/\/www.cfaebi.pt\/portal\/wp-json\/wp\/v2\/types\/post"}],"author":[{"embeddable":true,"href":"https:\/\/www.cfaebi.pt\/portal\/wp-json\/wp\/v2\/users\/1"}],"replies":[{"embeddable":true,"href":"https:\/\/www.cfaebi.pt\/portal\/wp-json\/wp\/v2\/comments?post=1591"}],"version-history":[{"count":2,"href":"https:\/\/www.cfaebi.pt\/portal\/wp-json\/wp\/v2\/posts\/1591\/revisions"}],"predecessor-version":[{"id":1594,"href":"https:\/\/www.cfaebi.pt\/portal\/wp-json\/wp\/v2\/posts\/1591\/revisions\/1594"}],"wp:featuredmedia":[{"embeddable":true,"href":"https:\/\/www.cfaebi.pt\/portal\/wp-json\/wp\/v2\/media\/1592"}],"wp:attachment":[{"href":"https:\/\/www.cfaebi.pt\/portal\/wp-json\/wp\/v2\/media?parent=1591"}],"wp:term":[{"taxonomy":"category","embeddable":true,"href":"https:\/\/www.cfaebi.pt\/portal\/wp-json\/wp\/v2\/categories?post=1591"},{"taxonomy":"post_tag","embeddable":true,"href":"https:\/\/www.cfaebi.pt\/portal\/wp-json\/wp\/v2\/tags?post=1591"}],"curies":[{"name":"wp","href":"https:\/\/api.w.org\/{rel}","templated":true}]}}