{"id":1725,"date":"2025-11-04T11:20:46","date_gmt":"2025-11-04T11:20:46","guid":{"rendered":"https:\/\/www.cfaebi.pt\/portal\/?p=1725"},"modified":"2025-11-04T11:47:20","modified_gmt":"2025-11-04T11:47:20","slug":"leds-em-rede","status":"publish","type":"post","link":"https:\/\/www.cfaebi.pt\/portal\/2025\/11\/04\/leds-em-rede\/","title":{"rendered":"LEDs em REDE"},"content":{"rendered":"\n<figure class=\"wp-block-image size-full is-resized\"><img loading=\"lazy\" decoding=\"async\" width=\"454\" height=\"268\" src=\"https:\/\/www.cfaebi.pt\/portal\/wp-content\/uploads\/2025\/11\/logo_LEDs_em_Rede.png\" alt=\"\" class=\"wp-image-1718\" style=\"width:300px\" srcset=\"https:\/\/www.cfaebi.pt\/portal\/wp-content\/uploads\/2025\/11\/logo_LEDs_em_Rede.png 454w, https:\/\/www.cfaebi.pt\/portal\/wp-content\/uploads\/2025\/11\/logo_LEDs_em_Rede-300x177.png 300w\" sizes=\"auto, (max-width: 454px) 85vw, 454px\" \/><\/figure>\n\n\n\n<p>A implementa\u00e7\u00e3o do projeto LEDs em Rede \u2013 CFAEBI 25\/26 representa uma oportunidade de transforma\u00e7\u00e3o cultural e pedag\u00f3gica nas escolas da Beira Interior. Ao apostar numa utiliza\u00e7\u00e3o verdadeiramente transversal dos Laborat\u00f3rios de Educa\u00e7\u00e3o Digital, o CFAEBI afirma-se como motor de inova\u00e7\u00e3o, valorizando todos os docentes e incentivando pr\u00e1ticas que colocam os alunos no centro do processo de aprendizagem.<\/p>\n\n\n\n<p>Mais do que um ciclo de forma\u00e7\u00f5es, esta iniciativa \u00e9 um roteiro coletivo para a moderniza\u00e7\u00e3o do ensino, assente na coopera\u00e7\u00e3o, na criatividade e no compromisso de preparar os jovens para os desafios do futuro digital.<\/p>\n\n\n\n<p>Ser\u00e3o realizadas, no ano letivo de 2025\/2026, 3 momentos de forma\u00e7\u00e3o para os Leds dispon\u00edveis nas unidades org\u00e2nicas associadas (Tipo I, Tipo II e Tipo III). As sess\u00f5es ser\u00e3o de curta dura\u00e7\u00e3o (3 horas) e sempre em regime presencial.\u00a0<\/p>\n\n\n\n<p>Ver mais: <a href=\"https:\/\/www.cfaebi.pt\/portal\/leds-em-rede\/\">https:\/\/www.cfaebi.pt\/portal\/leds-em-rede\/<\/a><\/p>\n\n\n\n<p><\/p>\n","protected":false},"excerpt":{"rendered":"<p>A implementa\u00e7\u00e3o do projeto LEDs em Rede \u2013 CFAEBI 25\/26 representa uma oportunidade de transforma\u00e7\u00e3o cultural e pedag\u00f3gica nas escolas da Beira Interior. Ao apostar numa utiliza\u00e7\u00e3o verdadeiramente transversal dos Laborat\u00f3rios de Educa\u00e7\u00e3o Digital, o CFAEBI afirma-se como motor de inova\u00e7\u00e3o, valorizando todos os docentes e incentivando pr\u00e1ticas que colocam os alunos no centro do &hellip; <a href=\"https:\/\/www.cfaebi.pt\/portal\/2025\/11\/04\/leds-em-rede\/\" class=\"more-link\">Continue reading<span class=\"screen-reader-text\"> &#8220;LEDs em REDE&#8221;<\/span><\/a><\/p>\n","protected":false},"author":1,"featured_media":1726,"comment_status":"closed","ping_status":"closed","sticky":false,"template":"","format":"standard","meta":{"footnotes":""},"categories":[1],"tags":[],"class_list":["post-1725","post","type-post","status-publish","format-standard","has-post-thumbnail","hentry","category-noticias"],"_links":{"self":[{"href":"https:\/\/www.cfaebi.pt\/portal\/wp-json\/wp\/v2\/posts\/1725","targetHints":{"allow":["GET"]}}],"collection":[{"href":"https:\/\/www.cfaebi.pt\/portal\/wp-json\/wp\/v2\/posts"}],"about":[{"href":"https:\/\/www.cfaebi.pt\/portal\/wp-json\/wp\/v2\/types\/post"}],"author":[{"embeddable":true,"href":"https:\/\/www.cfaebi.pt\/portal\/wp-json\/wp\/v2\/users\/1"}],"replies":[{"embeddable":true,"href":"https:\/\/www.cfaebi.pt\/portal\/wp-json\/wp\/v2\/comments?post=1725"}],"version-history":[{"count":2,"href":"https:\/\/www.cfaebi.pt\/portal\/wp-json\/wp\/v2\/posts\/1725\/revisions"}],"predecessor-version":[{"id":1729,"href":"https:\/\/www.cfaebi.pt\/portal\/wp-json\/wp\/v2\/posts\/1725\/revisions\/1729"}],"wp:featuredmedia":[{"embeddable":true,"href":"https:\/\/www.cfaebi.pt\/portal\/wp-json\/wp\/v2\/media\/1726"}],"wp:attachment":[{"href":"https:\/\/www.cfaebi.pt\/portal\/wp-json\/wp\/v2\/media?parent=1725"}],"wp:term":[{"taxonomy":"category","embeddable":true,"href":"https:\/\/www.cfaebi.pt\/portal\/wp-json\/wp\/v2\/categories?post=1725"},{"taxonomy":"post_tag","embeddable":true,"href":"https:\/\/www.cfaebi.pt\/portal\/wp-json\/wp\/v2\/tags?post=1725"}],"curies":[{"name":"wp","href":"https:\/\/api.w.org\/{rel}","templated":true}]}}