{"id":1797,"date":"2026-03-16T18:03:47","date_gmt":"2026-03-16T18:03:47","guid":{"rendered":"https:\/\/www.cfaebi.pt\/portal\/?p=1797"},"modified":"2026-03-16T21:01:13","modified_gmt":"2026-03-16T21:01:13","slug":"apresentacao-do-projeto-rumo-integrada-no-2o-encontro-covilha-cidade-educadora","status":"publish","type":"post","link":"https:\/\/www.cfaebi.pt\/portal\/2026\/03\/16\/apresentacao-do-projeto-rumo-integrada-no-2o-encontro-covilha-cidade-educadora\/","title":{"rendered":"Apresenta\u00e7\u00e3o do projeto RUMO integrada no 2\u00ba Encontro &#8220;Covilh\u00e3 Cidade Educadora&#8221;"},"content":{"rendered":"\n<p class=\"has-black-color has-text-color has-link-color wp-elements-da3baff3be32db70abb40c95bd860bab\">O\u00a0<strong>Projeto RUMO<\/strong>\u00a0foi apresentado no\u00a02.\u00ba Encontro da Covilh\u00e3 Educadora, que decorreu entre os dias\u00a011 e 14 de mar\u00e7o de 2026\u00a0e que se centrou nos caminhos, boas pr\u00e1ticas e projetos inspiradores que cruzam\u00a0Educa\u00e7\u00e3o, Diversidade e Inclus\u00e3o.<\/p>\n\n\n\n<p class=\"has-black-color has-text-color has-link-color wp-elements-eed7c232d36183ae16309782cd52eb33\">Coordenado pelo\u00a0CFAE da Beira Interior\u00a0e desenvolvido em\u00a013 Unidades Org\u00e2nicas da regi\u00e3o, o projeto dedica-se \u00e0 integra\u00e7\u00e3o de\u00a0alunos migrantes\u00a0e marcou presen\u00e7a neste evento promovido pela\u00a0C\u00e2mara Municipal da Covilh\u00e3, com o apoio deste Centro de Forma\u00e7\u00e3o.<\/p>\n\n\n\n<p class=\"has-black-color has-text-color has-link-color wp-elements-b7cc75972d2a222dbab42d5e0d5bd40d\">A apresenta\u00e7\u00e3o revelou-se um verdadeiro sucesso. A plataforma do\u00a0Projeto RUMO\u00a0agrega diversas val\u00eancias, entre as quais o\u00a0Observat\u00f3rio de Alunos Migrantes da Beira Interior, uma iniciativa considerada\u00a0inovadora a n\u00edvel nacional, que procura reunir informa\u00e7\u00e3o e apoiar a defini\u00e7\u00e3o de respostas educativas mais inclusivas.<\/p>\n\n\n\n<figure class=\"wp-block-image size-large\"><img loading=\"lazy\" decoding=\"async\" width=\"1024\" height=\"768\" src=\"https:\/\/www.cfaebi.pt\/portal\/wp-content\/uploads\/2026\/03\/IMG_6593-1024x768.png\" alt=\"\" class=\"wp-image-1800\" srcset=\"https:\/\/www.cfaebi.pt\/portal\/wp-content\/uploads\/2026\/03\/IMG_6593-1024x768.png 1024w, https:\/\/www.cfaebi.pt\/portal\/wp-content\/uploads\/2026\/03\/IMG_6593-300x225.png 300w, https:\/\/www.cfaebi.pt\/portal\/wp-content\/uploads\/2026\/03\/IMG_6593-768x576.png 768w, https:\/\/www.cfaebi.pt\/portal\/wp-content\/uploads\/2026\/03\/IMG_6593-1536x1152.png 1536w, https:\/\/www.cfaebi.pt\/portal\/wp-content\/uploads\/2026\/03\/IMG_6593-1200x900.png 1200w, https:\/\/www.cfaebi.pt\/portal\/wp-content\/uploads\/2026\/03\/IMG_6593.png 1978w\" sizes=\"auto, (max-width: 709px) 85vw, (max-width: 909px) 67vw, (max-width: 1362px) 62vw, 840px\" \/><\/figure>\n","protected":false},"excerpt":{"rendered":"<p>O\u00a0Projeto RUMO\u00a0foi apresentado no\u00a02.\u00ba Encontro da Covilh\u00e3 Educadora, que decorreu entre os dias\u00a011 e 14 de mar\u00e7o de 2026\u00a0e que se centrou nos caminhos, boas pr\u00e1ticas e projetos inspiradores que cruzam\u00a0Educa\u00e7\u00e3o, Diversidade e Inclus\u00e3o. Coordenado pelo\u00a0CFAE da Beira Interior\u00a0e desenvolvido em\u00a013 Unidades Org\u00e2nicas da regi\u00e3o, o projeto dedica-se \u00e0 integra\u00e7\u00e3o de\u00a0alunos migrantes\u00a0e marcou presen\u00e7a neste &hellip; <a href=\"https:\/\/www.cfaebi.pt\/portal\/2026\/03\/16\/apresentacao-do-projeto-rumo-integrada-no-2o-encontro-covilha-cidade-educadora\/\" class=\"more-link\">Continue reading<span class=\"screen-reader-text\"> &#8220;Apresenta\u00e7\u00e3o do projeto RUMO integrada no 2\u00ba Encontro &#8220;Covilh\u00e3 Cidade Educadora&#8221;&#8221;<\/span><\/a><\/p>\n","protected":false},"author":1,"featured_media":1799,"comment_status":"closed","ping_status":"closed","sticky":false,"template":"","format":"standard","meta":{"footnotes":""},"categories":[1],"tags":[],"class_list":["post-1797","post","type-post","status-publish","format-standard","has-post-thumbnail","hentry","category-noticias"],"_links":{"self":[{"href":"https:\/\/www.cfaebi.pt\/portal\/wp-json\/wp\/v2\/posts\/1797","targetHints":{"allow":["GET"]}}],"collection":[{"href":"https:\/\/www.cfaebi.pt\/portal\/wp-json\/wp\/v2\/posts"}],"about":[{"href":"https:\/\/www.cfaebi.pt\/portal\/wp-json\/wp\/v2\/types\/post"}],"author":[{"embeddable":true,"href":"https:\/\/www.cfaebi.pt\/portal\/wp-json\/wp\/v2\/users\/1"}],"replies":[{"embeddable":true,"href":"https:\/\/www.cfaebi.pt\/portal\/wp-json\/wp\/v2\/comments?post=1797"}],"version-history":[{"count":3,"href":"https:\/\/www.cfaebi.pt\/portal\/wp-json\/wp\/v2\/posts\/1797\/revisions"}],"predecessor-version":[{"id":1802,"href":"https:\/\/www.cfaebi.pt\/portal\/wp-json\/wp\/v2\/posts\/1797\/revisions\/1802"}],"wp:featuredmedia":[{"embeddable":true,"href":"https:\/\/www.cfaebi.pt\/portal\/wp-json\/wp\/v2\/media\/1799"}],"wp:attachment":[{"href":"https:\/\/www.cfaebi.pt\/portal\/wp-json\/wp\/v2\/media?parent=1797"}],"wp:term":[{"taxonomy":"category","embeddable":true,"href":"https:\/\/www.cfaebi.pt\/portal\/wp-json\/wp\/v2\/categories?post=1797"},{"taxonomy":"post_tag","embeddable":true,"href":"https:\/\/www.cfaebi.pt\/portal\/wp-json\/wp\/v2\/tags?post=1797"}],"curies":[{"name":"wp","href":"https:\/\/api.w.org\/{rel}","templated":true}]}}