{"id":893,"date":"2021-09-08T11:12:08","date_gmt":"2021-09-08T11:12:08","guid":{"rendered":"https:\/\/www.cfaebi.pt\/portal\/?p=893"},"modified":"2021-09-08T11:17:44","modified_gmt":"2021-09-08T11:17:44","slug":"cidadaos-precisam-de-instrumentos-contra-desinformacao-que-mina-as-democracias","status":"publish","type":"post","link":"https:\/\/www.cfaebi.pt\/portal\/2021\/09\/08\/cidadaos-precisam-de-instrumentos-contra-desinformacao-que-mina-as-democracias\/","title":{"rendered":"Cidad\u00e3os precisam de instrumentos contra desinforma\u00e7\u00e3o que &#8220;mina as democracias&#8221;"},"content":{"rendered":"\n<p>O secret\u00e1rio de Estado do Cinema, Audiovisual e Media defendeu esta quarta-feira que os cidad\u00e3os preparados para o futuro t\u00eam de estar informados e, para isso, precisam de instrumentos que os defendam das \u201carmadilhas da desinforma\u00e7\u00e3o\u201d, que \u201cmina as democracias\u201d.<\/p>\n\n\n\n<p>&#8220;A valoriza\u00e7\u00e3o da literacia medi\u00e1tica \u00e9 fundamental por quest\u00f5es de cidadania e de participa\u00e7\u00e3o social&#8221;: o Governo lan\u00e7a esta quarta-feira um site, chamado LEME, com recursos de liter\u00e1ria medi\u00e1tica.<\/p>\n\n\n\n<p>\u201cSe n\u00f3s queremos ter cidad\u00e3os preparados para o futuro, eles t\u00eam que estar informados e, para estarem informados, eles precisam de ter instrumentos que os defendam das armadilhas da desinforma\u00e7\u00e3o\u201d, considerou Nuno Artur Silva, em declara\u00e7\u00f5es \u00e0 ag\u00eancia Lusa, a prop\u00f3sito do lan\u00e7amento da p\u00e1gina na Internet LEME, com recursos de literacia medi\u00e1tica, que estar\u00e3o ao alcance de todos os educadores.<\/p>\n\n\n\n<blockquote class=\"wp-block-quote is-layout-flow wp-block-quote-is-layout-flow\"><p><strong>A valoriza\u00e7\u00e3o da literacia medi\u00e1tica \u00e9 fundamental por quest\u00f5es de cidadania e de participa\u00e7\u00e3o social<\/strong>, para que todos possam participar de forma informada. [\u2026] Todos estamos vulner\u00e1veis quando estamos nas redes sociais, quando lemos uma not\u00edcia, quando vemos uma not\u00edcia na televis\u00e3o ou nos chega uma informa\u00e7\u00e3o na internet, n\u00f3s estamos vulner\u00e1veis e tendemos a acreditar na not\u00edcia. [\u2026] Hoje em dia esse \u00e9 campo f\u00e9rtil para manobras volunt\u00e1rias, \u00e0s vezes involunt\u00e1rias, de desinforma\u00e7\u00e3o e isso mina as democracias, destr\u00f3i a democracia\u201d, afirmou o governante.<\/p><\/blockquote>\n\n\n\n<p>Nuno Artur Silva considerou que havia uma lacuna no combate \u00e0 desinforma\u00e7\u00e3o, por n\u00e3o existir um agregador de conte\u00fados, como o que ser\u00e1 lan\u00e7ado esta quarta-feira, que ajude a dotar os alunos de instrumentos de combate \u00e0 desinforma\u00e7\u00e3o e \u00e0s chamadas \u2018fake news\u2019.<\/p>\n\n\n\n<blockquote class=\"wp-block-quote is-layout-flow wp-block-quote-is-layout-flow\"><p>Isto que n\u00f3s estamos a fazer parece-nos fundamental para a defesa da democracia, porque \u00e9, no fundo, dar aos cidad\u00e3os desde muito pequenos a capacidade de poderem perceber como \u00e9 que se devem informar, ou seja, ao que \u00e9 que t\u00eam de estar alerta para perceber se uma informa\u00e7\u00e3o que lhes chega \u00e9 correta, se as fontes s\u00e3o cred\u00edveis, se n\u00e3o est\u00e3o a ser enganados\u201d, explicou o secret\u00e1rio de Estado.<\/p><\/blockquote>\n\n\n\n<p><strong>O governante considerou, por\u00e9m, que devem tamb\u00e9m ser as pr\u00f3prias empresas de comunica\u00e7\u00e3o social a criar os pr\u00f3prios mecanismos para se defenderem contra a desinforma\u00e7\u00e3o<\/strong>, ainda que com o apoio e incentivo do Governo.<\/p>\n\n\n\n<blockquote class=\"wp-block-quote is-layout-flow wp-block-quote-is-layout-flow\"><p>As \u00e1reas onde neste momento o Governo tem a possibilidade de intervir diretamente \u00e9 aqui ao n\u00edvel das escolas. Isso faz parte, digamos, da \u00e1rea de influ\u00eancia do Governo, atrav\u00e9s de uma s\u00e9rie de programas de incentivo \u00e0 literacia medi\u00e1tica a que vamos aderindo\u201d, acrescentou.<\/p><\/blockquote>\n\n\n\n<p>O Governo lan\u00e7a esta quarta-feira uma p\u00e1gina na Internet, chamada LEME, com recursos de literacia medi\u00e1tica, que contou com contributos de v\u00e1rios intervenientes, entre os quais a ag\u00eancia Lusa.<\/p>\n\n\n\n<p>Numa nota da Secretaria-Geral da Presid\u00eancia do Conselho de Ministros, o Governo recordou que, atrav\u00e9s dos secret\u00e1rios de Estado Adjunto e da Educa\u00e7\u00e3o, Jo\u00e3o Costa, e do Cinema, Audiovisual e Media, Nuno Artur Silva, \u201cdecidiu promover, em junho de 2020, a cria\u00e7\u00e3o de um grupo de trabalho (GT), formado por investigadores, professores, formadores, jornalistas e representantes de institui\u00e7\u00f5es p\u00fablicas\u201d.<\/p>\n\n\n\n<p>Este grupo foi \u201cmandatado para inventariar, selecionar e sistematizar os recursos dispon\u00edveis em mat\u00e9ria de literacia medi\u00e1tica, bem como para propor inova\u00e7\u00f5es que contribuam para enriquecer a oferta e para suprir as lacunas detetadas\u201d, segundo a mesma informa\u00e7\u00e3o.<\/p>\n\n\n\n<p>A atividade desenvolvida por este GT \u201cdeu origem \u00e0 cria\u00e7\u00e3o de um s\u00edtio na internet, designado LEME \u2014 Literacia e Educa\u00e7\u00e3o Medi\u00e1tica Em linha (leme.gov.pt), custeado pelo .PT, que, entretanto, se associou ao projeto\u201d, de acordo com o Governo.<\/p>\n\n\n\n<p>Este \u2018site\u2019 \u00e9 \u201cinteiramente dedicado aos recursos de literacia medi\u00e1tica, com&nbsp;<strong>o prop\u00f3sito de contribuir para que educadores e professores da educa\u00e7\u00e3o pr\u00e9-escolar e dos ensinos b\u00e1sico e secund\u00e1rio promovam, de forma mais sustentada, a sua miss\u00e3o pedag\u00f3gica de estimular nos seus alunos<\/strong>, consumidores e produtores de conte\u00fados nos media digitais cada vez mais frequentes, os conhecimentos, as compet\u00eancias e o sentido cr\u00edtico indispens\u00e1veis a uma atua\u00e7\u00e3o informada e respons\u00e1vel\u201d, segundo a mesma informa\u00e7\u00e3o.<\/p>\n\n\n\n<p>O LEME fica, a partir de esta quarta-feira, \u201cacess\u00edvel para o p\u00fablico em geral a t\u00edtulo gratuito\u201d.<\/p>\n","protected":false},"excerpt":{"rendered":"<p>O secret\u00e1rio de Estado do Cinema, Audiovisual e Media defendeu esta quarta-feira que os cidad\u00e3os preparados para o futuro t\u00eam de estar informados e, para isso, precisam de instrumentos que os defendam das \u201carmadilhas da desinforma\u00e7\u00e3o\u201d, que \u201cmina as democracias\u201d. &#8220;A valoriza\u00e7\u00e3o da literacia medi\u00e1tica \u00e9 fundamental por quest\u00f5es de cidadania e de participa\u00e7\u00e3o social&#8221;: &hellip; <a href=\"https:\/\/www.cfaebi.pt\/portal\/2021\/09\/08\/cidadaos-precisam-de-instrumentos-contra-desinformacao-que-mina-as-democracias\/\" class=\"more-link\">Continue reading<span class=\"screen-reader-text\"> &#8220;Cidad\u00e3os precisam de instrumentos contra desinforma\u00e7\u00e3o que &#8220;mina as democracias&#8221;&#8221;<\/span><\/a><\/p>\n","protected":false},"author":1,"featured_media":895,"comment_status":"open","ping_status":"open","sticky":false,"template":"","format":"standard","meta":{"footnotes":""},"categories":[1],"tags":[],"class_list":["post-893","post","type-post","status-publish","format-standard","has-post-thumbnail","hentry","category-noticias"],"_links":{"self":[{"href":"https:\/\/www.cfaebi.pt\/portal\/wp-json\/wp\/v2\/posts\/893","targetHints":{"allow":["GET"]}}],"collection":[{"href":"https:\/\/www.cfaebi.pt\/portal\/wp-json\/wp\/v2\/posts"}],"about":[{"href":"https:\/\/www.cfaebi.pt\/portal\/wp-json\/wp\/v2\/types\/post"}],"author":[{"embeddable":true,"href":"https:\/\/www.cfaebi.pt\/portal\/wp-json\/wp\/v2\/users\/1"}],"replies":[{"embeddable":true,"href":"https:\/\/www.cfaebi.pt\/portal\/wp-json\/wp\/v2\/comments?post=893"}],"version-history":[{"count":1,"href":"https:\/\/www.cfaebi.pt\/portal\/wp-json\/wp\/v2\/posts\/893\/revisions"}],"predecessor-version":[{"id":894,"href":"https:\/\/www.cfaebi.pt\/portal\/wp-json\/wp\/v2\/posts\/893\/revisions\/894"}],"wp:featuredmedia":[{"embeddable":true,"href":"https:\/\/www.cfaebi.pt\/portal\/wp-json\/wp\/v2\/media\/895"}],"wp:attachment":[{"href":"https:\/\/www.cfaebi.pt\/portal\/wp-json\/wp\/v2\/media?parent=893"}],"wp:term":[{"taxonomy":"category","embeddable":true,"href":"https:\/\/www.cfaebi.pt\/portal\/wp-json\/wp\/v2\/categories?post=893"},{"taxonomy":"post_tag","embeddable":true,"href":"https:\/\/www.cfaebi.pt\/portal\/wp-json\/wp\/v2\/tags?post=893"}],"curies":[{"name":"wp","href":"https:\/\/api.w.org\/{rel}","templated":true}]}}